[{"@context":"https:\/\/schema.org\/","@type":"Article","@id":"https:\/\/www.cahf.cz\/typy-na-vylet\/#Article","mainEntityOfPage":"https:\/\/www.cahf.cz\/typy-na-vylet\/","headline":"Typy na v\u00fdlet","name":"Typy na v\u00fdlet","description":"R\u00e1da bych V\u00e1m dnes p\u0159edstavila n\u011bkolik zaj\u00edmav\u00fdch typ\u016f na \u010desk\u00e9 kulturn\u00ed pam\u00e1tky. Prvn\u00edm m\u00fdm typem je, ne a\u017e zas tak star\u00e1, ale zato zn\u00e1m\u00e1 v\u0161em, [&hellip;]","datePublished":"2019-11-18","dateModified":"2023-04-30","author":{"@type":"Person","@id":"https:\/\/www.cahf.cz\/author\/#Person","name":"","url":"https:\/\/www.cahf.cz\/author\/","identifier":1,"image":{"@type":"ImageObject","@id":"https:\/\/secure.gravatar.com\/avatar\/85713fd7b0f087b3a981c5a981571339?s=96&d=mm&r=g","url":"https:\/\/secure.gravatar.com\/avatar\/85713fd7b0f087b3a981c5a981571339?s=96&d=mm&r=g","height":96,"width":96}},"publisher":{"@type":"Organization","name":"cahf.cz","logo":{"@type":"ImageObject","@id":"\/logo.png","url":"\/logo.png","width":600,"height":60}},"image":{"@type":"ImageObject","@id":"https:\/\/www.cahf.cz\/wp-content\/uploads\/img_a359477_w3922_t1573390118.jpg","url":"https:\/\/www.cahf.cz\/wp-content\/uploads\/img_a359477_w3922_t1573390118.jpg","height":0,"width":0},"url":"https:\/\/www.cahf.cz\/typy-na-vylet\/","about":["Kultura"],"wordCount":425,"articleBody":"R\u00e1da bych V\u00e1m dnes p\u0159edstavila n\u011bkolik zaj\u00edmav\u00fdch typ\u016f na \u010desk\u00e9 kulturn\u00ed pam\u00e1tky.\tPrvn\u00edm m\u00fdm typem je, ne a\u017e zas tak star\u00e1, ale zato zn\u00e1m\u00e1 v\u0161em, jak mlad\u00fdm teenager\u016fm, tak senior\u016fm. Jedn\u00e1 se o pam\u00e1tn\u00edk Lidice, kter\u00fd se nach\u00e1z\u00ed v\u00a0are\u00e1lu star\u00fdch Lidic. Byl vybudov\u00e1n nad star\u00fdmi Lidicemi v\u00a0roce 1962. Mysl\u00edm, \u017ee pozornost si zaslou\u017e\u00ed nejen samotn\u00fd pam\u00e1tn\u00edk, ale tak\u00e9 are\u00e1l Lidic, kde se nach\u00e1z\u00ed mnoho dal\u0161\u00edch objekt\u016f. Pokud se n\u011bkdo zaj\u00edm\u00e1 o v\u00e1le\u010dnou historii, tak se sem ur\u010dit\u011b mus\u00edte pod\u00edvat.\t\tDal\u0161\u00ed v\u00fdznamnou pam\u00e1tku, kterou stoj\u00ed za to nav\u0161t\u00edvit je Bude\u010d. Jedn\u00e1 se o zbytky hradi\u0161t\u011b, kde dodnes m\u016f\u017eeme vid\u011bt rotundu sv. Petra a Pavla. Jsou zde k\u00a0vid\u011bn\u00ed tak\u00e9 zbytky tehdej\u0161\u00edho kostela Narozen\u00ed Panny Marie. Sou\u010d\u00e1st\u00ed are\u00e1lu je tak\u00e9 h\u0159bitov, kter\u00fd zde byl vybudov\u00e1n o n\u011bco pozd\u011bji, a to roku 1836 hned vedle rotundy sv. Petra a Pavla.\tPam\u00e1tka, kterou snad ka\u017ed\u00fd zn\u00e1 z\u00a0\u010cesk\u00fdch b\u00e1j\u00ed a pov\u011bst\u00ed. Ano, jedn\u00e1 se o horu\u00a0 \u0158\u00edp, kter\u00e1 se nach\u00e1z\u00ed nedaleko od Roudnice nad Labem. Tento vrch vystupuje p\u0159ibli\u017en\u011b o 200 metr\u016f v\u00fd\u0161, ne\u017e je okoln\u00ed krajina, a tak je ji\u017e z\u00a0d\u00e1lky patrn\u00e1. Dle \u010desk\u00e9 pov\u011bsti na horu \u0158\u00edp vystoupil praotec \u010cech a kdy\u017e vid\u011bl krajinu kolem \u0158\u00edpu, rozhodl se, \u017ee se zde usad\u00ed. Na vrcholu hory \u0158\u00edp m\u016f\u017eete spat\u0159it tak\u00e9 rotundu sv. Ji\u0159\u00ed a sv. Vojt\u011bcha. Jedn\u00e1 se o velice v\u00fdznamnou c\u00edrkevn\u00ed a kulturn\u00ed pam\u00e1tku, kter\u00e1 je jednou z\u00a0nejstar\u0161\u00edch dochovan\u00fdch staveb v\u00a0\u010cesku.\t\tPam\u00e1tn\u00edk Velk\u00e9 Moravy se nach\u00e1z\u00ed v\u00a0Star\u00e9m m\u011bst\u011b. Budova byla postavena v\u00a0letech 1959 a 1960. Nach\u00e1z\u00ed se na m\u00edst\u011b, kde byla objevena prvn\u00ed uznan\u00e1 stavba z\u00a0doby velkomoravsk\u00e9 \u2013 kostel Na Val\u00e1ch. Nach\u00e1z\u00ed se zde st\u00e1l\u00e1 expozice p\u0159edm\u011bt\u016f, kter\u00e9 zde byly objeveny. V\u00a0letech 2008-2009 byl pam\u00e1tn\u00edk zrekonstruov\u00e1n a otev\u0159en k\u00a0celoro\u010dn\u00edmu provozu.Mysl\u00edm, \u017ee ka\u017ed\u00e1 z\u00a0t\u011bchto pam\u00e1tek je jedine\u010dn\u00e1 a ur\u010dit\u011b m\u011bla co do\u010din\u011bn\u00ed s\u00a0na\u0161\u00ed \u010deskou histori\u00ed. Dle m\u00e9ho n\u00e1zoru se jednozna\u010dn\u011b vyplat\u00ed ka\u017edou z\u00a0nich nav\u0161t\u00edvit a pod\u00edvat se, jak se vytv\u00e1\u0159ela historie \u010desk\u00e9ho n\u00e1roda.                                                                                                                                                                                                                                                                                                                                                                                          4\/5 - (6 votes)        "},{"@context":"https:\/\/schema.org\/","@type":"BreadcrumbList","itemListElement":[{"@type":"ListItem","position":1,"name":"Typy na v\u00fdlet","item":"https:\/\/www.cahf.cz\/typy-na-vylet\/#breadcrumbitem"}]}]