[{"@context":"https:\/\/schema.org\/","@type":"Article","@id":"https:\/\/www.cahf.cz\/krasy-italskeho-rimini\/#Article","mainEntityOfPage":"https:\/\/www.cahf.cz\/krasy-italskeho-rimini\/","headline":"Kr\u00e1sy italsk\u00e9ho Rimini","name":"Kr\u00e1sy italsk\u00e9ho Rimini","description":"C\u00edl na\u0161\u00ed dovolen\u00e1 ur\u010duje cel\u00e1 \u0159ada nejr\u016fzn\u011bj\u0161\u00edch faktor\u016f. Jak je tedy mo\u017en\u00e9, \u017ee kroky tak velk\u00e9 \u010d\u00e1sti turist\u016f m\u00ed\u0159\u00ed do slunn\u00e9 It\u00e1lie? Je tomu poroto, [&hellip;]","datePublished":"2020-11-15","dateModified":"2023-11-09","author":{"@type":"Person","@id":"https:\/\/www.cahf.cz\/author\/#Person","name":"","url":"https:\/\/www.cahf.cz\/author\/","identifier":1,"image":{"@type":"ImageObject","@id":"https:\/\/secure.gravatar.com\/avatar\/85713fd7b0f087b3a981c5a981571339?s=96&d=mm&r=g","url":"https:\/\/secure.gravatar.com\/avatar\/85713fd7b0f087b3a981c5a981571339?s=96&d=mm&r=g","height":96,"width":96}},"publisher":{"@type":"Organization","name":"cahf.cz","logo":{"@type":"ImageObject","@id":"\/logo.png","url":"\/logo.png","width":600,"height":60}},"image":{"@type":"ImageObject","@id":"https:\/\/www.cahf.cz\/wp-content\/uploads\/Rimini%20panorama.jpg","url":"https:\/\/www.cahf.cz\/wp-content\/uploads\/Rimini%20panorama.jpg","height":0,"width":0},"url":"https:\/\/www.cahf.cz\/krasy-italskeho-rimini\/","about":["Produkty"],"wordCount":577,"articleBody":"        C\u00edl na\u0161\u00ed dovolen\u00e1 ur\u010duje cel\u00e1 \u0159ada nejr\u016fzn\u011bj\u0161\u00edch faktor\u016f. Jak je tedy mo\u017en\u00e9, \u017ee kroky tak velk\u00e9 \u010d\u00e1sti turist\u016f m\u00ed\u0159\u00ed do slunn\u00e9 It\u00e1lie? Je tomu poroto, \u017ee se jedn\u00e1 o zemi, kter\u00e1 se zavd\u011b\u010d\u00ed opravdu ka\u017ed\u00e9mu a ka\u017ed\u00fd si zde najde to sv\u00e9. Je jedno, a\u0165 u\u017e jste milovn\u00edkem skv\u011bl\u00e9ho j\u00eddla, v\u00edna, k\u00e1vy, bot a m\u00f3dy, dechberouc\u00edch pam\u00e1tek, slunn\u00fdch pl\u00e1\u017e\u00ed s jemn\u00fdm p\u00edskem, no\u010dn\u00edho \u017eivota, klidn\u00fdch proch\u00e1zek, region\u00e1ln\u00edch v\u00fdrobk\u016f anebo t\u0159eba rozmanit\u00fdch a \u00fatuln\u00fdch obch\u016fdk\u016f. V\u0161echny tyto slo\u017eky zde najdete! Vyb\u00edrat si nav\u00edc m\u016f\u017eete z cel\u00e9 \u0159ady turisty obl\u00edben\u00fdch destinac\u00ed. Dnes se spole\u010dn\u011b pod\u00edv\u00e1me do jedn\u00e9 z nich, a to konkr\u00e9tn\u011b do Rimini!Ne\u017e se pod\u00edv\u00e1me t\u00e9to oblasti p\u011bkn\u011b na zoubek, vezm\u011bme si v\u0161e trochu z \u0161ir\u0161\u00edho hlediska, a to konkr\u00e9tn\u011b z toho zem\u011bpisn\u00e9ho. Jak jste ji\u017e jist\u011b pochopili najdete Rimini na poloostrov\u011b, kter\u00fd je zn\u00e1m\u00fd hlavn\u011b d\u00edky tvaru boty. Konkr\u00e9tn\u011b jej najdeme v provincii, kter\u00e9 nese stejn\u00e9 jm\u00e9no, tedy Rimini. Jedn\u00e1 se o hlavn\u00ed m\u011bsto Jadersk\u00e9 rivi\u00e9ry, kter\u00e9 trvale ob\u00fdv\u00e1 okolo sto pades\u00e1ti tis\u00edc obyvatel. Slavn\u00fdmi sousedy jsou nap\u0159\u00edklad San Mar\u00edno, kter\u00e9 je vzd\u00e1len\u00e9 pouh\u00fdch deset kilometr\u016f. Kousek za hranicemi cel\u00e9ho regionu se nav\u00edc za\u010d\u00ednaj\u00ed vlnit vrchy slavn\u00e9ho poho\u0159\u00ed, j\u00edm\u017e nen\u00ed \u017e\u00e1dn\u00e9 jin\u00e9 ne\u017e Apeniny. Cht\u011bli-li bychom se zam\u011b\u0159it trochu v\u00edce na \u010d\u00edsla zjist\u00edme, \u017ee se zde nach\u00e1z\u00ed n\u00e1dhern\u00e9 pl\u00e1\u017ee v celkov\u00e9 d\u00e9lce p\u0159esahuj\u00edc\u00ed patn\u00e1cti kilometr\u016f, naraz\u00edme zde na stovky r\u016fzn\u00fdch bar\u016f a restaurac\u00ed a v pr\u016fm\u011bru na t\u00e9m\u011b\u0159 tis\u00edcovku hotel\u016f, kter\u00e9 poskytuj\u00ed ubytov\u00e1n\u00ed turist\u016fm, kte\u0159\u00ed zde zav\u00edtaj\u00ed a\u0165 u\u017e za \u00fa\u010delem no\u010dn\u00ed z\u00e1bavy, proto\u017ee t\u00edmto no\u010dn\u00edm \u017eivotem je m\u011bsto proslaven\u00e9, nebo pro zachoval\u00e9 a skvostn\u00e9 pam\u00e1tky anebo d\u00edky ji\u017e zm\u00edn\u011bn\u00fdm pl\u00e1\u017e\u00edm. Je\u0161t\u011b jednou zaj\u00edmavost\u00ed, kterou v\u00e1m prozrad\u00edm p\u0159ed t\u00edm, ne\u017e se vrhneme na v\u00fd\u010det m\u00edst, kter\u00e9 mus\u00edte ur\u010dit\u011b nav\u0161t\u00edvit je, \u017ee se zde narodil slavn\u00fd italsk\u00fd re\u017eis\u00e9r Federico Fellini.Ur\u010dit\u011b nejzn\u00e1m\u011bj\u0161\u00ed pam\u00e1tkou, kterou uvid\u00edte zobrazenou i na v\u011bt\u0161in\u011b pohled\u016f je most je\u0161t\u011b z obdob\u00ed velk\u00e9ho \u0158\u00edma, je\u017e nese jm\u00e9no Ponte di Tiberio. Jm\u00e9no je odvozeno od slavn\u00e9ho vl\u00e1dce a c\u00edsa\u0159e Tiberia, kter\u00fd panoval v dob\u011b, kdy byl most vystav\u011bn. Dal\u0161\u00edm bodem na seznamu by jist\u011b m\u011bla b\u00fdt katedr\u00e1la postaven\u00e1 v gotick\u00e9m stylu \u2013 Tempio Malateta neboli Malatest\u016fv chr\u00e1m, kter\u00e9mu se tak\u00e9 jednodu\u0161e n\u011bkdy p\u0159ezd\u00edv\u00e1 D\u00f3m. Zaj\u00edmavou m\u016f\u017ee b\u00fdt i dominantn\u00ed Hodinov\u00e1 v\u011b\u017e nach\u00e1zej\u00edc\u00ed se na N\u00e1m\u011bst\u00ed T\u0159\u00ed mu\u010dedn\u00edk\u016f anebo socha dal\u0161\u00edho velik\u00e1na, j\u00edm\u017e byl Julius C\u00e9sar. A\u017e si zakoup\u00edte letenky do Rimini Levneletenky.cz a ocitnete se na tomto n\u00e1dhern\u00e9m m\u00edst\u011b, rozhodn\u011b nev\u00e1hejte a vydejte se na objevnou proch\u00e1zku, kter\u00e1 v\u00e1m poskytne opravdu dechberouc\u00ed panoramata.                                                                                                                                                                                                                                                                                                                                                                                          4.2\/5 - (6 votes)        "},{"@context":"https:\/\/schema.org\/","@type":"BreadcrumbList","itemListElement":[{"@type":"ListItem","position":1,"name":"Kr\u00e1sy italsk\u00e9ho Rimini","item":"https:\/\/www.cahf.cz\/krasy-italskeho-rimini\/#breadcrumbitem"}]}]